{"id":2370,"date":"2023-10-11T17:52:13","date_gmt":"2023-10-11T15:52:13","guid":{"rendered":"https:\/\/www.ensperu.org\/?p=2370"},"modified":"2023-10-11T20:58:00","modified_gmt":"2023-10-11T18:58:00","slug":"vida-en-tres-periodos","status":"publish","type":"post","link":"https:\/\/www.ensperu.org\/?p=2370","title":{"rendered":"Vida en Tres Per\u00edodos"},"content":{"rendered":"\t\t<div data-elementor-type=\"wp-post\" data-elementor-id=\"2370\" class=\"elementor elementor-2370\">\n\t\t\t\t\t\t\t<div class=\"elementor-element elementor-element-f0b1f19 e-flex e-con-boxed wpr-particle-no wpr-jarallax-no wpr-parallax-no wpr-sticky-section-no e-con e-parent\" data-id=\"f0b1f19\" data-element_type=\"container\" data-settings=\"{&quot;content_width&quot;:&quot;boxed&quot;}\" data-core-v316-plus=\"true\">\n\t\t\t\t\t<div class=\"e-con-inner\">\n\t\t<div class=\"elementor-element elementor-element-7f937ac e-con-full e-flex wpr-particle-no wpr-jarallax-no wpr-parallax-no wpr-sticky-section-no e-con e-child\" data-id=\"7f937ac\" data-element_type=\"container\" data-settings=\"{&quot;content_width&quot;:&quot;full&quot;}\">\n\t\t\t\t<div class=\"elementor-element elementor-element-d325e95 elementor-widget elementor-widget-heading\" data-id=\"d325e95\" data-element_type=\"widget\" data-widget_type=\"heading.default\">\n\t\t\t\t<div class=\"elementor-widget-container\">\n\t\t\t<style>\/*! elementor - v3.16.0 - 09-10-2023 *\/\n.elementor-heading-title{padding:0;margin:0;line-height:1}.elementor-widget-heading .elementor-heading-title[class*=elementor-size-]>a{color:inherit;font-size:inherit;line-height:inherit}.elementor-widget-heading .elementor-heading-title.elementor-size-small{font-size:15px}.elementor-widget-heading .elementor-heading-title.elementor-size-medium{font-size:19px}.elementor-widget-heading .elementor-heading-title.elementor-size-large{font-size:29px}.elementor-widget-heading .elementor-heading-title.elementor-size-xl{font-size:39px}.elementor-widget-heading .elementor-heading-title.elementor-size-xxl{font-size:59px}<\/style><h2 class=\"elementor-heading-title elementor-size-default\">Vida en Tres Per\u00edodos<\/h2>\t\t<\/div>\n\t\t\t\t<\/div>\n\t\t\t\t<\/div>\n\t\t<div class=\"elementor-element elementor-element-d651879 e-con-full e-flex wpr-particle-no wpr-jarallax-no wpr-parallax-no wpr-sticky-section-no e-con e-child\" data-id=\"d651879\" data-element_type=\"container\" data-settings=\"{&quot;content_width&quot;:&quot;full&quot;}\">\n\t\t\t\t<div class=\"elementor-element elementor-element-defae7d elementor-widget elementor-widget-text-editor\" data-id=\"defae7d\" data-element_type=\"widget\" data-widget_type=\"text-editor.default\">\n\t\t\t\t<div class=\"elementor-widget-container\">\n\t\t\t<style>\/*! elementor - v3.16.0 - 09-10-2023 *\/\n.elementor-widget-text-editor.elementor-drop-cap-view-stacked .elementor-drop-cap{background-color:#69727d;color:#fff}.elementor-widget-text-editor.elementor-drop-cap-view-framed .elementor-drop-cap{color:#69727d;border:3px solid;background-color:transparent}.elementor-widget-text-editor:not(.elementor-drop-cap-view-default) .elementor-drop-cap{margin-top:8px}.elementor-widget-text-editor:not(.elementor-drop-cap-view-default) .elementor-drop-cap-letter{width:1em;height:1em}.elementor-widget-text-editor .elementor-drop-cap{float:left;text-align:center;line-height:1;font-size:50px}.elementor-widget-text-editor .elementor-drop-cap-letter{display:inline-block}<\/style>\t\t\t\t<div>Henri Caffarel responde a la llamada de las parejas queriendo vivir el sacramento del matrimonio. \u0153La exigencia de santidad os concierne. Para responder a ello, ten\u00e9is un sacramento, es el matrimonio.<\/div><div>El n\u00famero de Equipos y Hogares aumenta. Se da una orientaci\u00f3n espiritual, cada vez m\u00e1s clara a medida que avanza el descubrimiento de la gracia del<br \/>\u00a0matrimonio.<\/div><div><div>Las publicaciones, \u0153Carta a unos j\u00f3venes hogares (1942), \u0153El Anillo de oro (1945), han marcado profundamente a numerosas parejas; su repercusi\u00f3n ha sobrepasado los Equipos. El Padre Caffarel quer\u00eda ser comprendido por todos para que la gracia del amor de Dios pudiera ser eficaz en todos. \u00e9l deseaba que todos comprendieran la grandeza del matrimonio. El tema es siempre actual.<\/div><div>Un momento decisivo en la actividad del Padre Caffarel fue la redacci\u00f3n y edici\u00f3n, en 1947, de \u0153La Carta de los Equipos de Nuestra Se\u00f1ora. Los medios que propone la Carta son exigentes. \u0153Los puntos concretos de esfuerzo, sobre todo \u0153el deber de sentarse, son caracter\u00edsticas de la vida cotidiana de las parejas. \u0153Habiendo captado el esp\u00edritu de los Equipos, no tendr\u00e9is dificultad en llevar a cabo su disciplina, dice el Padre Caffarel. Vivir el Evangelio en la vida de pareja, ese es \u0153el camino de santidad.<\/div><\/div><div>\u00a0<\/div>\t\t\t\t\t\t<\/div>\n\t\t\t\t<\/div>\n\t\t\t\t<\/div>\n\t\t<div class=\"elementor-element elementor-element-95b451f e-con-full e-flex wpr-particle-no wpr-jarallax-no wpr-parallax-no wpr-sticky-section-no e-con e-child\" data-id=\"95b451f\" data-element_type=\"container\" data-settings=\"{&quot;content_width&quot;:&quot;full&quot;}\">\n\t\t\t\t<div class=\"elementor-element elementor-element-90ee760 elementor-widget elementor-widget-image\" data-id=\"90ee760\" data-element_type=\"widget\" data-widget_type=\"image.default\">\n\t\t\t\t<div class=\"elementor-widget-container\">\n\t\t\t<style>\/*! elementor - v3.16.0 - 09-10-2023 *\/\n.elementor-widget-image{text-align:center}.elementor-widget-image a{display:inline-block}.elementor-widget-image a img[src$=\".svg\"]{width:48px}.elementor-widget-image img{vertical-align:middle;display:inline-block}<\/style>\t\t\t\t\t\t\t\t\t\t\t\t<img loading=\"lazy\" decoding=\"async\" width=\"216\" height=\"295\" src=\"https:\/\/www.ensperu.org\/wp-content\/uploads\/2023\/10\/imagen_2023-10-11_105442157.png\" class=\"attachment-medium size-medium wp-image-2372\" alt=\"\" \/>\t\t\t\t\t\t\t\t\t\t\t\t\t\t\t<\/div>\n\t\t\t\t<\/div>\n\t\t\t\t<\/div>\n\t\t<div class=\"elementor-element elementor-element-4d23d9b e-con-full e-flex wpr-particle-no wpr-jarallax-no wpr-parallax-no wpr-sticky-section-no e-con e-child\" data-id=\"4d23d9b\" data-element_type=\"container\" data-settings=\"{&quot;content_width&quot;:&quot;full&quot;}\">\n\t\t\t\t<div class=\"elementor-element elementor-element-494de9c elementor-widget elementor-widget-text-editor\" data-id=\"494de9c\" data-element_type=\"widget\" data-widget_type=\"text-editor.default\">\n\t\t\t\t<div class=\"elementor-widget-container\">\n\t\t\t\t\t\t\t<div>\n<div>En aquellos a\u00f1os, dos fundaciones nuevas ven la luz: el Movimiento de Viudas \u0153Esperanza y Vida y la \u0153Fraternidad Nuestra Se\u00f1ora de la Resurrecci\u00f3n, Instituto secular de viudas. Como siempre, no tiene \u0153la idea de estas fundaciones: vienen a verle, le exponen el deseo de vivir una vida santa; entonces discierne, anima y acompa\u00f1a.<\/div><div><br><\/div>\n<div>\n<div><strong>II. El tiempo de la madurez (1950-1973)<\/strong><\/div>\n<div>Los Equipos de Nuestra Se\u00f1ora se desarrollan. Una Organizaci\u00f3n se pone al frente. Grandes encuentros tienen lugar: Lourdes en 1954, Roma en 1959, Lourdes en 1965\u00a6 Es la ocasi\u00f3n de profundizar en la gracia y grandeza del matrimonio.<br>El Padre Caffarel insiste tambi\u00e9n sobre el enriquecimiento mutuo de los sacramentos del Orden y del Matrimonio; dos sacramentos \u0153complementarios para responder a la vocaci\u00f3n del amor.<\/div>\n<div>Los Equipos conocen grandes debates:<\/div>\n<div>Son un \u00bfmovimiento de iniciaci\u00f3n o de perfecci\u00f3n? El equilibrio entre estos dos aspectos debe encontrarse.<\/div>\n<div>Surgen entonces dos posturas, por un lado la unidad del Movimiento y por otro la libertad de los laicos, su originalidad y su personalidad. En este asunto, el Padre Caffarel est\u00e1 siempre en armon\u00eda con la Iglesia, de forma ejemplar y entusiasta. Env\u00eda a todos los equipiers a sus parroquias, a sus di\u00f3cesis, y a ser ap\u00f3stoles en su profesi\u00f3n y en el mundo.<\/div>\n<div>A los 70 a\u00f1os, deja su servicio al frente de los Equipos tras asegurar su sucesi\u00f3n.<\/div><div><br><\/div>\n<div><strong>III. La Profundidad (1973-1996)<\/strong><\/div>\n<div>La fecundidad del Padre Caffarel est\u00e1 inscrita en los corazones, en la relaci\u00f3n \u00fanica de cada uno con Dios. Son innumerables quienes han encontrado al Se\u00f1or en la Casa de Oraci\u00f3n de Troussures. Deseaba intensamente compartir la revelaci\u00f3n que tuvo a los veinte a\u00f1os. Sus \u00faltimos a\u00f1os en Troussures muestran la fuente de donde brotaba todo.<\/div>\n<\/div>\n<\/div>\n<div>&nbsp;<\/div>\t\t\t\t\t\t<\/div>\n\t\t\t\t<\/div>\n\t\t\t\t<\/div>\n\t\t<div class=\"elementor-element elementor-element-efb004b e-con-full e-flex wpr-particle-no wpr-jarallax-no wpr-parallax-no wpr-sticky-section-no e-con e-child\" data-id=\"efb004b\" data-element_type=\"container\" data-settings=\"{&quot;content_width&quot;:&quot;full&quot;}\">\n\t\t\t\t<div class=\"elementor-element elementor-element-7a2f197 elementor-widget elementor-widget-text-editor\" data-id=\"7a2f197\" data-element_type=\"widget\" data-widget_type=\"text-editor.default\">\n\t\t\t\t<div class=\"elementor-widget-container\">\n\t\t\t\t\t\t\t<p><strong>Obras llenas de vida<\/strong><\/p>\t\t\t\t\t\t<\/div>\n\t\t\t\t<\/div>\n\t\t\t\t<div class=\"elementor-element elementor-element-7f53d40 elementor-icon-list--layout-traditional elementor-list-item-link-full_width elementor-widget elementor-widget-icon-list\" data-id=\"7f53d40\" data-element_type=\"widget\" data-widget_type=\"icon-list.default\">\n\t\t\t\t<div class=\"elementor-widget-container\">\n\t\t\t<link rel=\"stylesheet\" href=\"https:\/\/www.ensperu.org\/wp-content\/uploads\/elementor\/css\/custom-widget-icon-list.min.css?ver=1697330892\">\t\t<ul class=\"elementor-icon-list-items\">\n\t\t\t\t\t\t\t<li class=\"elementor-icon-list-item\">\n\t\t\t\t\t\t\t\t\t\t\t<span class=\"elementor-icon-list-icon\">\n\t\t\t\t\t\t\t<i aria-hidden=\"true\" class=\"fas fa-chevron-circle-right\"><\/i>\t\t\t\t\t\t<\/span>\n\t\t\t\t\t\t\t\t\t\t<span class=\"elementor-icon-list-text\">Los Equipos de Nuestra Se\u00f1ora: Nacidos en 1939, cuentan actualmente con 60.000 hogares repartidos en 70 pa\u00edses.<\/span>\n\t\t\t\t\t\t\t\t\t<\/li>\n\t\t\t\t\t\t\t\t<li class=\"elementor-icon-list-item\">\n\t\t\t\t\t\t\t\t\t\t\t<span class=\"elementor-icon-list-icon\">\n\t\t\t\t\t\t\t<i aria-hidden=\"true\" class=\"fas fa-chevron-circle-right\"><\/i>\t\t\t\t\t\t<\/span>\n\t\t\t\t\t\t\t\t\t\t<span class=\"elementor-icon-list-text\">Las Fraternidades Nuestra Se\u00f1ora de la Resurrecci\u00f3n nacidas en 1943, con m\u00e1s de 200 miembros.<\/span>\n\t\t\t\t\t\t\t\t\t<\/li>\n\t\t\t\t\t\t\t\t<li class=\"elementor-icon-list-item\">\n\t\t\t\t\t\t\t\t\t\t\t<span class=\"elementor-icon-list-icon\">\n\t\t\t\t\t\t\t<i aria-hidden=\"true\" class=\"fas fa-chevron-circle-right\"><\/i>\t\t\t\t\t\t<\/span>\n\t\t\t\t\t\t\t\t\t\t<span class=\"elementor-icon-list-text\">Esperanza y Vida: movimiento de espiritualidad de viudas.<\/span>\n\t\t\t\t\t\t\t\t\t<\/li>\n\t\t\t\t\t\t\t\t<li class=\"elementor-icon-list-item\">\n\t\t\t\t\t\t\t\t\t\t\t<span class=\"elementor-icon-list-icon\">\n\t\t\t\t\t\t\t<i aria-hidden=\"true\" class=\"fas fa-chevron-circle-right\"><\/i>\t\t\t\t\t\t<\/span>\n\t\t\t\t\t\t\t\t\t\t<span class=\"elementor-icon-list-text\">Los Intercesores: que oran, ayunan y ofrecen su vida diaria.<\/span>\n\t\t\t\t\t\t\t\t\t<\/li>\n\t\t\t\t\t\t<\/ul>\n\t\t\t\t<\/div>\n\t\t\t\t<\/div>\n\t\t\t\t<\/div>\n\t\t<div class=\"elementor-element elementor-element-0f8febe e-con-full e-flex wpr-particle-no wpr-jarallax-no wpr-parallax-no wpr-sticky-section-no e-con e-child\" data-id=\"0f8febe\" data-element_type=\"container\" data-settings=\"{&quot;content_width&quot;:&quot;full&quot;}\">\n\t\t\t\t<div class=\"elementor-element elementor-element-2a2802b elementor-widget elementor-widget-image\" data-id=\"2a2802b\" data-element_type=\"widget\" data-widget_type=\"image.default\">\n\t\t\t\t<div class=\"elementor-widget-container\">\n\t\t\t\t\t\t\t\t\t\t\t\t\t\t\t<img loading=\"lazy\" decoding=\"async\" width=\"225\" height=\"279\" src=\"https:\/\/www.ensperu.org\/wp-content\/uploads\/2023\/10\/imagen_2023-10-11_103942442.png\" class=\"attachment-large size-large wp-image-2369\" alt=\"\" \/>\t\t\t\t\t\t\t\t\t\t\t\t\t\t\t<\/div>\n\t\t\t\t<\/div>\n\t\t\t\t<\/div>\n\t\t<div class=\"elementor-element elementor-element-1f97e66 e-con-full e-flex wpr-particle-no wpr-jarallax-no wpr-parallax-no wpr-sticky-section-no e-con e-child\" data-id=\"1f97e66\" data-element_type=\"container\" data-settings=\"{&quot;content_width&quot;:&quot;full&quot;}\">\n\t\t\t\t<div class=\"elementor-element elementor-element-8c4a2ba elementor-widget elementor-widget-text-editor\" data-id=\"8c4a2ba\" data-element_type=\"widget\" data-widget_type=\"text-editor.default\">\n\t\t\t\t<div class=\"elementor-widget-container\">\n\t\t\t\t\t\t\t<div>El Padre Henri Caffarel estuvo tambi\u00e9n en los comienzos de los Centros de Preparaci\u00f3n al Matrimonio, con la ayuda del Padre Pierre Joly y del Padre d\u2122Heilly.<\/div><div>La Casa de Oraci\u00f3n de Troussures. Este Centro fue una ayuda inmensa para aquellos que deseaban aprender a rezar. Esa obra contin\u00faa en las propuestas que hacen los Equipos de Nuestra Se\u00f1ora en la Casa de la pareja, en Massabielle (en Saint-Prix, Val d\u2122Oise), y sobre todo en la importancia que los ENS y las escuelas de oraci\u00f3n vienen dando a la oraci\u00f3n interior.<\/div><div>Cabe destacar la actualidad de los escritos publicados por el Padre Caffarel: en las revistas: \u0153Ofertorio, \u0153Cuadernos sobre la oraci\u00f3n\u00a6 y sus numerosos libros: \u0153Presencia en Dios, En las encrucijadas del amor, etc..<\/div><div>El 25 de abril de 2006 Monse\u00f1or Andr\u00e9 VINGT-TROIS, arzobispo de Par\u00eds, ha aceptado con agrado la petici\u00f3n de los Equipos de Nuestra Se\u00f1ora de promover la causa de canonizaci\u00f3n del Padre Henri Caffarel. \u0153Los Amigos del Padre Caffarel desean esta canonizaci\u00f3n porque:<\/div>\t\t\t\t\t\t<\/div>\n\t\t\t\t<\/div>\n\t\t\t\t<div class=\"elementor-element elementor-element-4bf7db9 elementor-align-left elementor-icon-list--layout-traditional elementor-list-item-link-full_width elementor-widget elementor-widget-icon-list\" data-id=\"4bf7db9\" data-element_type=\"widget\" data-widget_type=\"icon-list.default\">\n\t\t\t\t<div class=\"elementor-widget-container\">\n\t\t\t\t\t<ul class=\"elementor-icon-list-items\">\n\t\t\t\t\t\t\t<li class=\"elementor-icon-list-item\">\n\t\t\t\t\t\t\t\t\t\t\t<span class=\"elementor-icon-list-icon\">\n\t\t\t\t\t\t\t<i aria-hidden=\"true\" class=\"fas fa-chevron-circle-right\"><\/i>\t\t\t\t\t\t<\/span>\n\t\t\t\t\t\t\t\t\t\t<span class=\"elementor-icon-list-text\">Su santidad es la de un \u0153profeta del siglo XX<\/span>\n\t\t\t\t\t\t\t\t\t<\/li>\n\t\t\t\t\t\t\t\t<li class=\"elementor-icon-list-item\">\n\t\t\t\t\t\t\t\t\t\t\t<span class=\"elementor-icon-list-icon\">\n\t\t\t\t\t\t\t<i aria-hidden=\"true\" class=\"fas fa-chevron-circle-right\"><\/i>\t\t\t\t\t\t<\/span>\n\t\t\t\t\t\t\t\t\t\t<span class=\"elementor-icon-list-text\">Su santidad aparece animada por el Se\u00f1or, en su vida.<\/span>\n\t\t\t\t\t\t\t\t\t<\/li>\n\t\t\t\t\t\t\t\t<li class=\"elementor-icon-list-item\">\n\t\t\t\t\t\t\t\t\t\t\t<span class=\"elementor-icon-list-icon\">\n\t\t\t\t\t\t\t<i aria-hidden=\"true\" class=\"fas fa-chevron-circle-right\"><\/i>\t\t\t\t\t\t<\/span>\n\t\t\t\t\t\t\t\t\t\t<span class=\"elementor-icon-list-text\">Su santidad se manifiesta en la fidelidad y amor a la Iglesia.<\/span>\n\t\t\t\t\t\t\t\t\t<\/li>\n\t\t\t\t\t\t<\/ul>\n\t\t\t\t<\/div>\n\t\t\t\t<\/div>\n\t\t\t\t<\/div>\n\t\t\t\t\t<\/div>\n\t\t\t\t<\/div>\n\t\t\t\t\t\t\t<\/div>\n\t\t","protected":false},"excerpt":{"rendered":"<p>Vida en Tres Per\u00edodos Henri Caffarel responde a la llamada de las parejas queriendo vivir el sacramento del matrimonio. \u0153La exigencia de santidad os concierne. Para responder a ello, ten\u00e9is un sacramento, es el matrimonio.El n\u00famero de Equipos y Hogares aumenta. Se da una orientaci\u00f3n espiritual, cada vez m\u00e1s clara a medida que avanza el &hellip;<\/p>\n<p class=\"read-more\"> <a class=\"\" href=\"https:\/\/www.ensperu.org\/?p=2370\"> <span class=\"screen-reader-text\">Vida en Tres Per\u00edodos<\/span> Leer m\u00e1s &raquo;<\/a><\/p>\n","protected":false},"author":1,"featured_media":2372,"comment_status":"open","ping_status":"open","sticky":false,"template":"","format":"standard","meta":{"_eb_attr":"","site-sidebar-layout":"default","site-content-layout":"","ast-site-content-layout":"","site-content-style":"default","site-sidebar-style":"default","ast-global-header-display":"","ast-banner-title-visibility":"","ast-main-header-display":"","ast-hfb-above-header-display":"","ast-hfb-below-header-display":"","ast-hfb-mobile-header-display":"","site-post-title":"","ast-breadcrumbs-content":"","ast-featured-img":"","footer-sml-layout":"","theme-transparent-header-meta":"","adv-header-id-meta":"","stick-header-meta":"","header-above-stick-meta":"","header-main-stick-meta":"","header-below-stick-meta":"","astra-migrate-meta-layouts":"","footnotes":""},"categories":[30],"tags":[],"class_list":["post-2370","post","type-post","status-publish","format-standard","has-post-thumbnail","hentry","category-noticias"],"_links":{"self":[{"href":"https:\/\/www.ensperu.org\/index.php?rest_route=\/wp\/v2\/posts\/2370","targetHints":{"allow":["GET"]}}],"collection":[{"href":"https:\/\/www.ensperu.org\/index.php?rest_route=\/wp\/v2\/posts"}],"about":[{"href":"https:\/\/www.ensperu.org\/index.php?rest_route=\/wp\/v2\/types\/post"}],"author":[{"embeddable":true,"href":"https:\/\/www.ensperu.org\/index.php?rest_route=\/wp\/v2\/users\/1"}],"replies":[{"embeddable":true,"href":"https:\/\/www.ensperu.org\/index.php?rest_route=%2Fwp%2Fv2%2Fcomments&post=2370"}],"version-history":[{"count":11,"href":"https:\/\/www.ensperu.org\/index.php?rest_route=\/wp\/v2\/posts\/2370\/revisions"}],"predecessor-version":[{"id":2505,"href":"https:\/\/www.ensperu.org\/index.php?rest_route=\/wp\/v2\/posts\/2370\/revisions\/2505"}],"wp:featuredmedia":[{"embeddable":true,"href":"https:\/\/www.ensperu.org\/index.php?rest_route=\/wp\/v2\/media\/2372"}],"wp:attachment":[{"href":"https:\/\/www.ensperu.org\/index.php?rest_route=%2Fwp%2Fv2%2Fmedia&parent=2370"}],"wp:term":[{"taxonomy":"category","embeddable":true,"href":"https:\/\/www.ensperu.org\/index.php?rest_route=%2Fwp%2Fv2%2Fcategories&post=2370"},{"taxonomy":"post_tag","embeddable":true,"href":"https:\/\/www.ensperu.org\/index.php?rest_route=%2Fwp%2Fv2%2Ftags&post=2370"}],"curies":[{"name":"wp","href":"https:\/\/api.w.org\/{rel}","templated":true}]}}