{"id":2400,"date":"2023-10-11T19:04:30","date_gmt":"2023-10-11T17:04:30","guid":{"rendered":"https:\/\/www.ensperu.org\/?p=2400"},"modified":"2023-10-11T20:57:26","modified_gmt":"2023-10-11T18:57:26","slug":"la-oracion-lugar-privilegiado-del-encuentro-con-cristo","status":"publish","type":"post","link":"https:\/\/www.ensperu.org\/?p=2400","title":{"rendered":"La oraci\u00f3n: lugar privilegiado del encuentro con Cristo"},"content":{"rendered":"\t\t<div data-elementor-type=\"wp-post\" data-elementor-id=\"2400\" class=\"elementor elementor-2400\">\n\t\t\t\t\t\t\t<div class=\"elementor-element elementor-element-f0b1f19 e-flex e-con-boxed wpr-particle-no wpr-jarallax-no wpr-parallax-no wpr-sticky-section-no e-con e-parent\" data-id=\"f0b1f19\" data-element_type=\"container\" data-settings=\"{&quot;content_width&quot;:&quot;boxed&quot;}\" data-core-v316-plus=\"true\">\n\t\t\t\t\t<div class=\"e-con-inner\">\n\t\t<div class=\"elementor-element elementor-element-7f937ac e-con-full e-flex wpr-particle-no wpr-jarallax-no wpr-parallax-no wpr-sticky-section-no e-con e-child\" data-id=\"7f937ac\" data-element_type=\"container\" data-settings=\"{&quot;content_width&quot;:&quot;full&quot;}\">\n\t\t\t\t<div class=\"elementor-element elementor-element-d325e95 elementor-widget elementor-widget-heading\" data-id=\"d325e95\" data-element_type=\"widget\" data-widget_type=\"heading.default\">\n\t\t\t\t<div class=\"elementor-widget-container\">\n\t\t\t<style>\/*! elementor - v3.16.0 - 09-10-2023 *\/\n.elementor-heading-title{padding:0;margin:0;line-height:1}.elementor-widget-heading .elementor-heading-title[class*=elementor-size-]>a{color:inherit;font-size:inherit;line-height:inherit}.elementor-widget-heading .elementor-heading-title.elementor-size-small{font-size:15px}.elementor-widget-heading .elementor-heading-title.elementor-size-medium{font-size:19px}.elementor-widget-heading .elementor-heading-title.elementor-size-large{font-size:29px}.elementor-widget-heading .elementor-heading-title.elementor-size-xl{font-size:39px}.elementor-widget-heading .elementor-heading-title.elementor-size-xxl{font-size:59px}<\/style><h2 class=\"elementor-heading-title elementor-size-default\">La oraci\u00f3n: lugar privilegiado del encuentro con Cristo<\/h2>\t\t<\/div>\n\t\t\t\t<\/div>\n\t\t\t\t<\/div>\n\t\t<div class=\"elementor-element elementor-element-d651879 e-con-full e-flex wpr-particle-no wpr-jarallax-no wpr-parallax-no wpr-sticky-section-no e-con e-child\" data-id=\"d651879\" data-element_type=\"container\" data-settings=\"{&quot;content_width&quot;:&quot;full&quot;}\">\n\t\t\t\t<div class=\"elementor-element elementor-element-defae7d elementor-widget elementor-widget-text-editor\" data-id=\"defae7d\" data-element_type=\"widget\" data-widget_type=\"text-editor.default\">\n\t\t\t\t<div class=\"elementor-widget-container\">\n\t\t\t<style>\/*! elementor - v3.16.0 - 09-10-2023 *\/\n.elementor-widget-text-editor.elementor-drop-cap-view-stacked .elementor-drop-cap{background-color:#69727d;color:#fff}.elementor-widget-text-editor.elementor-drop-cap-view-framed .elementor-drop-cap{color:#69727d;border:3px solid;background-color:transparent}.elementor-widget-text-editor:not(.elementor-drop-cap-view-default) .elementor-drop-cap{margin-top:8px}.elementor-widget-text-editor:not(.elementor-drop-cap-view-default) .elementor-drop-cap-letter{width:1em;height:1em}.elementor-widget-text-editor .elementor-drop-cap{float:left;text-align:center;line-height:1;font-size:50px}.elementor-widget-text-editor .elementor-drop-cap-letter{display:inline-block}<\/style>\t\t\t\t<p><strong><em>\u00abTodo consiste en saber si es vital comer,\u00a0<\/em><\/strong><strong><em>todo consiste en saber si es vital orar.\u00bb<\/em><\/strong><\/p>\t\t\t\t\t\t<\/div>\n\t\t\t\t<\/div>\n\t\t\t\t<div class=\"elementor-element elementor-element-732c792 elementor-widget elementor-widget-text-editor\" data-id=\"732c792\" data-element_type=\"widget\" data-widget_type=\"text-editor.default\">\n\t\t\t\t<div class=\"elementor-widget-container\">\n\t\t\t\t\t\t\t<p><em>Cuando or\u00e9is, no se\u00e1is como los hip\u00f3critas, que les gusta orar de pie en las sinagogas y en las esquinas de las calles, para ser vistos por los hombres; en verdad, os digo, ellos ya han recibido su recompensa. Pero t\u00fa, cuando quieras orar, entra en tu habitaci\u00f3n, y habiendo cerrado tu puerta, ora a tu Padre que est\u00e1 presente en lo secreto; y tu Padre, que ve en lo secreto, te escuchar\u00e1. En vuestras oraciones, no multipliqu\u00e9is las palabras, como hacen los paganos, quienes se imaginan que ser\u00e1n atendidos a fuerza de palabras. No os asemej\u00e9is ya que vuestro Padre sabe de qu\u00e9 ten\u00e9is necesidad, antes de que se lo pidan. (Mt. 6, 5-8)<\/em><\/p>\t\t\t\t\t\t<\/div>\n\t\t\t\t<\/div>\n\t\t\t\t<\/div>\n\t\t<div class=\"elementor-element elementor-element-95b451f e-con-full e-flex wpr-particle-no wpr-jarallax-no wpr-parallax-no wpr-sticky-section-no e-con e-child\" data-id=\"95b451f\" data-element_type=\"container\" data-settings=\"{&quot;content_width&quot;:&quot;full&quot;}\">\n\t\t\t\t<div class=\"elementor-element elementor-element-90ee760 elementor-widget elementor-widget-image\" data-id=\"90ee760\" data-element_type=\"widget\" data-widget_type=\"image.default\">\n\t\t\t\t<div class=\"elementor-widget-container\">\n\t\t\t<style>\/*! elementor - v3.16.0 - 09-10-2023 *\/\n.elementor-widget-image{text-align:center}.elementor-widget-image a{display:inline-block}.elementor-widget-image a img[src$=\".svg\"]{width:48px}.elementor-widget-image img{vertical-align:middle;display:inline-block}<\/style>\t\t\t\t\t\t\t\t\t\t\t\t<img loading=\"lazy\" decoding=\"async\" width=\"225\" height=\"279\" src=\"https:\/\/www.ensperu.org\/wp-content\/uploads\/2023\/10\/imagen_2023-10-11_103942442.png\" class=\"attachment-medium size-medium wp-image-2369\" alt=\"\" \/>\t\t\t\t\t\t\t\t\t\t\t\t\t\t\t<\/div>\n\t\t\t\t<\/div>\n\t\t\t\t<\/div>\n\t\t<div class=\"elementor-element elementor-element-4d23d9b e-con-full e-flex wpr-particle-no wpr-jarallax-no wpr-parallax-no wpr-sticky-section-no e-con e-child\" data-id=\"4d23d9b\" data-element_type=\"container\" data-settings=\"{&quot;content_width&quot;:&quot;full&quot;}\">\n\t\t\t\t<div class=\"elementor-element elementor-element-494de9c elementor-widget elementor-widget-text-editor\" data-id=\"494de9c\" data-element_type=\"widget\" data-widget_type=\"text-editor.default\">\n\t\t\t\t<div class=\"elementor-widget-container\">\n\t\t\t\t\t\t\t<p>Para el padre Caffarel, la oraci\u00f3n es el lugar privilegiado del encuentro con Dios, particularmente bajo la forma de la meditaci\u00f3n. No solamente su vida cotidiana estuvo llena de esa presencia de Dios, sino que no ces\u00f3 nunca de ense\u00f1ar a orar, de transmitir lo que \u00e9l viv\u00eda. Su pedagog\u00eda pasaba por la exigencia fundamental de poner la oraci\u00f3n en el centro de nuestra vida. Para ello utiliza numerosos textos: escribe en \u00abla Carta de los equipos\u00bb y en la revista \u00abEl Anillo de Oro\u00bb, tambi\u00e9n enlos \u00abCuadernos sobre la Oraci\u00f3n\u00bb. Sobre todo fue en la segunda parte de su vida cuando esta pedagog\u00eda se orient\u00f3 especialmente hacia los laicos activos en el mundo. Desde la casa de Troussures, que convierte en centro internacional de oraci\u00f3n, anima semanas de oraci\u00f3n, cursos por correspondencia sobre la oraci\u00f3n y sesiones de formaci\u00f3n. Crea el Movimiento de los Intercesores. Investiga las nuevas corrientes carism\u00e1ticas que surgen en la Iglesia. Distintos libros surgidos al comp\u00e1s de su experiencia de acompa\u00f1ante espiritual son testigos de este per\u00edodo. El padre Caffarel viv\u00eda con exigencia su vida de oraci\u00f3n; deseaba con insistencia y empe\u00f1o que cada uno de nosotros hiciera lo mismo.<\/p>\t\t\t\t\t\t<\/div>\n\t\t\t\t<\/div>\n\t\t\t\t<\/div>\n\t\t\t\t\t<\/div>\n\t\t\t\t<\/div>\n\t\t\t\t\t\t\t<\/div>\n\t\t","protected":false},"excerpt":{"rendered":"<p>La oraci\u00f3n: lugar privilegiado del encuentro con Cristo \u00abTodo consiste en saber si es vital comer,\u00a0todo consiste en saber si es vital orar.\u00bb Cuando or\u00e9is, no se\u00e1is como los hip\u00f3critas, que les gusta orar de pie en las sinagogas y en las esquinas de las calles, para ser vistos por los hombres; en verdad, os &hellip;<\/p>\n<p class=\"read-more\"> <a class=\"\" href=\"https:\/\/www.ensperu.org\/?p=2400\"> <span class=\"screen-reader-text\">La oraci\u00f3n: lugar privilegiado del encuentro con Cristo<\/span> Leer m\u00e1s &raquo;<\/a><\/p>\n","protected":false},"author":1,"featured_media":2217,"comment_status":"open","ping_status":"open","sticky":false,"template":"","format":"standard","meta":{"_eb_attr":"","site-sidebar-layout":"default","site-content-layout":"","ast-site-content-layout":"","site-content-style":"default","site-sidebar-style":"default","ast-global-header-display":"","ast-banner-title-visibility":"","ast-main-header-display":"","ast-hfb-above-header-display":"","ast-hfb-below-header-display":"","ast-hfb-mobile-header-display":"","site-post-title":"","ast-breadcrumbs-content":"","ast-featured-img":"","footer-sml-layout":"","theme-transparent-header-meta":"","adv-header-id-meta":"","stick-header-meta":"","header-above-stick-meta":"","header-main-stick-meta":"","header-below-stick-meta":"","astra-migrate-meta-layouts":"","footnotes":""},"categories":[30],"tags":[],"class_list":["post-2400","post","type-post","status-publish","format-standard","has-post-thumbnail","hentry","category-noticias"],"_links":{"self":[{"href":"https:\/\/www.ensperu.org\/index.php?rest_route=\/wp\/v2\/posts\/2400","targetHints":{"allow":["GET"]}}],"collection":[{"href":"https:\/\/www.ensperu.org\/index.php?rest_route=\/wp\/v2\/posts"}],"about":[{"href":"https:\/\/www.ensperu.org\/index.php?rest_route=\/wp\/v2\/types\/post"}],"author":[{"embeddable":true,"href":"https:\/\/www.ensperu.org\/index.php?rest_route=\/wp\/v2\/users\/1"}],"replies":[{"embeddable":true,"href":"https:\/\/www.ensperu.org\/index.php?rest_route=%2Fwp%2Fv2%2Fcomments&post=2400"}],"version-history":[{"count":20,"href":"https:\/\/www.ensperu.org\/index.php?rest_route=\/wp\/v2\/posts\/2400\/revisions"}],"predecessor-version":[{"id":2503,"href":"https:\/\/www.ensperu.org\/index.php?rest_route=\/wp\/v2\/posts\/2400\/revisions\/2503"}],"wp:featuredmedia":[{"embeddable":true,"href":"https:\/\/www.ensperu.org\/index.php?rest_route=\/wp\/v2\/media\/2217"}],"wp:attachment":[{"href":"https:\/\/www.ensperu.org\/index.php?rest_route=%2Fwp%2Fv2%2Fmedia&parent=2400"}],"wp:term":[{"taxonomy":"category","embeddable":true,"href":"https:\/\/www.ensperu.org\/index.php?rest_route=%2Fwp%2Fv2%2Fcategories&post=2400"},{"taxonomy":"post_tag","embeddable":true,"href":"https:\/\/www.ensperu.org\/index.php?rest_route=%2Fwp%2Fv2%2Ftags&post=2400"}],"curies":[{"name":"wp","href":"https:\/\/api.w.org\/{rel}","templated":true}]}}