{"id":2810,"date":"2023-10-13T22:42:21","date_gmt":"2023-10-13T20:42:21","guid":{"rendered":"https:\/\/www.ensperu.org\/?p=2810"},"modified":"2023-10-15T10:32:42","modified_gmt":"2023-10-15T08:32:42","slug":"turin-2024","status":"publish","type":"post","link":"https:\/\/www.ensperu.org\/?p=2810","title":{"rendered":"TUR\u00cdN 2024"},"content":{"rendered":"\n<p><a href=\"https:\/\/torino2024.equipes-notre-dame.com\/es\/\">Tur\u00edn 2024 (equipes-notre-dame.com)<\/a><\/p>\n\n\n\n<figure class=\"wp-block-image size-full is-resized\"><img loading=\"lazy\" decoding=\"async\" width=\"395\" height=\"561\" src=\"https:\/\/www.ensperu.org\/wp-content\/uploads\/2023\/10\/imagen_2023-10-13_153758624.png\" alt=\"\" class=\"wp-image-2811\" style=\"aspect-ratio:0.7040998217468806;width:440px;height:auto\" srcset=\"https:\/\/www.ensperu.org\/wp-content\/uploads\/2023\/10\/imagen_2023-10-13_153758624.png 395w, https:\/\/www.ensperu.org\/wp-content\/uploads\/2023\/10\/imagen_2023-10-13_153758624-211x300.png 211w\" sizes=\"auto, (max-width: 395px) 100vw, 395px\" \/><\/figure>\n\n\n\n<h2 class=\"wp-block-heading\">Programa<\/h2>\n\n\n\n<h4 class=\"wp-block-heading\">En el Pala Alpitour de Tur\u00edn \u2013 Italia<\/h4>\n\n\n\n<ul class=\"wp-block-list\">\n<li><strong>15 de julio<\/strong>:Bienvenida y celebraci\u00f3n de apertura del encuentro<\/li>\n\n\n\n<li><strong>16 de julio<\/strong>: Caminemos juntos con nuestra fragilidad (\u00e9nfasis del d\u00eda: FRAGILIDAD).<\/li>\n\n\n\n<li><strong>17 de julio<\/strong>: Escuchemos la Palabra (\u00e9nfasis del d\u00eda: ILUMINACI\u00d3N).<\/li>\n\n\n\n<li><strong>18 de julio<\/strong>: Damos lo que somos y lo que tenemos (acento del d\u00eda: OFRENDA).<\/li>\n\n\n\n<li><strong>19 de julio<\/strong>: El Se\u00f1or se nos da para alimentarnos (acento del d\u00eda: COMUNI\u00d3N).<\/li>\n\n\n\n<li><strong>20 de julio<\/strong>: Salimos a renovar la faz de la tierra (acento del d\u00eda: ENV\u00cdO).<\/li>\n<\/ul>\n\n\n\n<p>Cada d\u00eda comenzar\u00e1 con una meditaci\u00f3n. Entre las actividades de los d\u00edas habr\u00e1 conferencias, testimonios, celebraciones eucar\u00edsticas, representaciones teatrales, momentos de oraci\u00f3n y adoraci\u00f3n, de espiritualidad conyugal, equipos mixtos, visitas a los lugares representativos de la ciudad de Tur\u00edn, seg\u00fan un hilo conductor siempre ligado a los temas de encuentro y espiritualidad t\u00edpicos del Movimiento Equipos de Nuestra Se\u00f1ora<\/p>\n","protected":false},"excerpt":{"rendered":"<p>Tur\u00edn 2024 (equipes-notre-dame.com) Programa En el Pala Alpitour de Tur\u00edn \u2013 Italia Cada d\u00eda comenzar\u00e1 con una meditaci\u00f3n. Entre las actividades de los d\u00edas habr\u00e1 conferencias, testimonios, celebraciones eucar\u00edsticas, representaciones teatrales, momentos de oraci\u00f3n y adoraci\u00f3n, de espiritualidad conyugal, equipos mixtos, visitas a los lugares representativos de la ciudad de Tur\u00edn, seg\u00fan un hilo conductor &hellip;<\/p>\n<p class=\"read-more\"> <a class=\"\" href=\"https:\/\/www.ensperu.org\/?p=2810\"> <span class=\"screen-reader-text\">TUR\u00cdN 2024<\/span> Leer m\u00e1s &raquo;<\/a><\/p>\n","protected":false},"author":1,"featured_media":3172,"comment_status":"open","ping_status":"open","sticky":false,"template":"","format":"standard","meta":{"_eb_attr":"","site-sidebar-layout":"default","site-content-layout":"","ast-site-content-layout":"","site-content-style":"default","site-sidebar-style":"default","ast-global-header-display":"","ast-banner-title-visibility":"","ast-main-header-display":"","ast-hfb-above-header-display":"","ast-hfb-below-header-display":"","ast-hfb-mobile-header-display":"","site-post-title":"","ast-breadcrumbs-content":"","ast-featured-img":"","footer-sml-layout":"","theme-transparent-header-meta":"","adv-header-id-meta":"","stick-header-meta":"","header-above-stick-meta":"","header-main-stick-meta":"","header-below-stick-meta":"","astra-migrate-meta-layouts":"","footnotes":""},"categories":[31],"tags":[],"class_list":["post-2810","post","type-post","status-publish","format-standard","has-post-thumbnail","hentry","category-eventos"],"_links":{"self":[{"href":"https:\/\/www.ensperu.org\/index.php?rest_route=\/wp\/v2\/posts\/2810","targetHints":{"allow":["GET"]}}],"collection":[{"href":"https:\/\/www.ensperu.org\/index.php?rest_route=\/wp\/v2\/posts"}],"about":[{"href":"https:\/\/www.ensperu.org\/index.php?rest_route=\/wp\/v2\/types\/post"}],"author":[{"embeddable":true,"href":"https:\/\/www.ensperu.org\/index.php?rest_route=\/wp\/v2\/users\/1"}],"replies":[{"embeddable":true,"href":"https:\/\/www.ensperu.org\/index.php?rest_route=%2Fwp%2Fv2%2Fcomments&post=2810"}],"version-history":[{"count":1,"href":"https:\/\/www.ensperu.org\/index.php?rest_route=\/wp\/v2\/posts\/2810\/revisions"}],"predecessor-version":[{"id":2812,"href":"https:\/\/www.ensperu.org\/index.php?rest_route=\/wp\/v2\/posts\/2810\/revisions\/2812"}],"wp:featuredmedia":[{"embeddable":true,"href":"https:\/\/www.ensperu.org\/index.php?rest_route=\/wp\/v2\/media\/3172"}],"wp:attachment":[{"href":"https:\/\/www.ensperu.org\/index.php?rest_route=%2Fwp%2Fv2%2Fmedia&parent=2810"}],"wp:term":[{"taxonomy":"category","embeddable":true,"href":"https:\/\/www.ensperu.org\/index.php?rest_route=%2Fwp%2Fv2%2Fcategories&post=2810"},{"taxonomy":"post_tag","embeddable":true,"href":"https:\/\/www.ensperu.org\/index.php?rest_route=%2Fwp%2Fv2%2Ftags&post=2810"}],"curies":[{"name":"wp","href":"https:\/\/api.w.org\/{rel}","templated":true}]}}